{"id":1190,"date":"2019-08-17T11:54:11","date_gmt":"2019-08-17T09:54:11","guid":{"rendered":"https:\/\/foerderverein-gs-osann-monzel.de\/web\/?p=1190"},"modified":"2019-08-17T13:12:39","modified_gmt":"2019-08-17T11:12:39","slug":"einladung-zur-mitgliederversammlung-2019","status":"publish","type":"post","link":"https:\/\/foerderverein-gs-osann-monzel.de\/web\/einladung-zur-mitgliederversammlung-2019\/","title":{"rendered":"Einladung zur Mitgliederversammlung 2019"},"content":{"rendered":"<p><span style=\"font-size: medium;\">Der Vorstand des F\u00f6rdervereins der Grundschule Osann-Monzel l\u00e4dt seine Mitglieder \u00a0<\/span><\/p>\n<p><span style=\"font-size: medium;\">am 10. September 2019 um 20:00 Uhr zur Mitgliederversammlung in den Gemeinschaftsraum der Grundschule ein.<\/span><\/p>\n<p><span style=\"font-size: medium;\">\u00a0<\/span><\/p>\n<p><span style=\"font-size: medium;\">Folgende Tagesordnung ist vorgesehen:<\/span><\/p>\n<p><span style=\"font-size: medium;\">\u00a0<\/span><\/p>\n<ol start=\"1\" type=\"1\">\n<li>Begr\u00fc\u00dfung<\/li>\n<li>Bericht des Vorstandes<\/li>\n<li>Bericht der Kassenwartin<\/li>\n<li>Bericht der Kassenpr\u00fcfer<\/li>\n<li>Entlastung des Vorstandes<\/li>\n<li>Neuwahlen<\/li>\n<li>Entscheidung \u00fcber eventuelle Antr\u00e4ge<\/li>\n<li>Verschiedenes<\/li>\n<\/ol>\n<p><span style=\"font-size: medium;\">\u00a0<\/span><\/p>\n<p><span style=\"font-size: medium;\">Antr\u00e4ge zur Tagesordnung sind sp\u00e4testens eine Woche vor der Mitgliederversammlung schriftlich beim Vorstand einzureichen.<\/span><\/p>\n<p><span style=\"font-size: medium;\">\u00a0<\/span><\/p>\n<p><span style=\"font-size: medium;\">In den letzten zwei Jahren konnten viele Anschaffungen f\u00fcr den Unterricht, f\u00fcr die Pausen und f\u00fcr die Nachmittagsbetreuung get\u00e4tigt werden. Zudem wurden gemeinsame Veranstaltungen durchgef\u00fchrt und Schulausfl\u00fcge unterst\u00fctzt. Es w\u00e4re sch\u00f6n, wenn sich auch f\u00fcr die n\u00e4chsten zwei Jahre wieder interessierte Eltern im Vorstand engagieren w\u00fcrden, so dass die Unterst\u00fctzung der Schule weiterhin gew\u00e4hrleistet ist.<\/span><\/p>\n<p><span style=\"font-size: medium;\">\u00a0<\/span><\/p>\n<p><span style=\"font-size: medium;\">Euer <\/span><span style=\"font-size: medium;\">Vorstand des F\u00f6rdervereins der Grundschule Osann-Monzel<\/span><\/p>\n","protected":false},"excerpt":{"rendered":"<p>Der Vorstand des F\u00f6rdervereins der Grundschule Osann-Monzel l\u00e4dt seine Mitglieder \u00a0 am 10. September 2019 um 20:00 Uhr zur Mitgliederversammlung in den Gemeinschaftsraum der Grundschule ein. \u00a0 Folgende Tagesordnung ist vorgesehen: \u00a0 Begr\u00fc\u00dfung Bericht des Vorstandes Bericht der Kassenwartin Bericht der Kassenpr\u00fcfer Entlastung des Vorstandes Neuwahlen Entscheidung \u00fcber eventuelle Antr\u00e4ge Verschiedenes \u00a0 Antr\u00e4ge zur Tagesordnung [&hellip;]<\/p>\n","protected":false},"author":11,"featured_media":0,"comment_status":"open","ping_status":"open","sticky":false,"template":"","format":"standard","meta":[],"categories":[8,3],"tags":[],"_links":{"self":[{"href":"https:\/\/foerderverein-gs-osann-monzel.de\/web\/wp-json\/wp\/v2\/posts\/1190"}],"collection":[{"href":"https:\/\/foerderverein-gs-osann-monzel.de\/web\/wp-json\/wp\/v2\/posts"}],"about":[{"href":"https:\/\/foerderverein-gs-osann-monzel.de\/web\/wp-json\/wp\/v2\/types\/post"}],"author":[{"embeddable":true,"href":"https:\/\/foerderverein-gs-osann-monzel.de\/web\/wp-json\/wp\/v2\/users\/11"}],"replies":[{"embeddable":true,"href":"https:\/\/foerderverein-gs-osann-monzel.de\/web\/wp-json\/wp\/v2\/comments?post=1190"}],"version-history":[{"count":3,"href":"https:\/\/foerderverein-gs-osann-monzel.de\/web\/wp-json\/wp\/v2\/posts\/1190\/revisions"}],"predecessor-version":[{"id":1192,"href":"https:\/\/foerderverein-gs-osann-monzel.de\/web\/wp-json\/wp\/v2\/posts\/1190\/revisions\/1192"}],"wp:attachment":[{"href":"https:\/\/foerderverein-gs-osann-monzel.de\/web\/wp-json\/wp\/v2\/media?parent=1190"}],"wp:term":[{"taxonomy":"category","embeddable":true,"href":"https:\/\/foerderverein-gs-osann-monzel.de\/web\/wp-json\/wp\/v2\/categories?post=1190"},{"taxonomy":"post_tag","embeddable":true,"href":"https:\/\/foerderverein-gs-osann-monzel.de\/web\/wp-json\/wp\/v2\/tags?post=1190"}],"curies":[{"name":"wp","href":"https:\/\/api.w.org\/{rel}","templated":true}]}}