{"id":1180,"date":"2019-01-30T08:07:25","date_gmt":"2019-01-30T07:07:25","guid":{"rendered":"https:\/\/foerderverein-gs-osann-monzel.de\/web\/?p=1180"},"modified":"2019-01-30T08:12:42","modified_gmt":"2019-01-30T07:12:42","slug":"foderverein-spendiert-busfahrt-nach-trier-ins-theater","status":"publish","type":"post","link":"https:\/\/foerderverein-gs-osann-monzel.de\/web\/foderverein-spendiert-busfahrt-nach-trier-ins-theater\/","title":{"rendered":"F\u00f6rderverein spendiert Busfahrt nach Trier ins Theater"},"content":{"rendered":"<h1>Busfahrt ins Theater nach Trier bezahlt!<\/h1>\n<p>Am 14.01.2019 haben alle Kinder der Grundschule Osann-Monzel einen Ausflug zum Theater nach Trier gemacht um das wunderbare St\u00fcck &#8222;Der Zauberer von OZ&#8220; zu schauen. Das moderne M\u00e4rchen erz\u00e4hlt eine aufregende Geschichte \u00fcber Freundschaft und gemeinsam bestandene Abenteuer. Hierf\u00fcr sind zwei Busse eingesetzt worden. Die Kosten in H\u00f6he von 580 Euro wurden vom F\u00f6rderverein \u00fcbernommen, so dass nur noch der Eintritt von den Sch\u00fclern selbst zu zahlen war.<\/p>\n","protected":false},"excerpt":{"rendered":"<p>Busfahrt ins Theater nach Trier bezahlt! Am 14.01.2019 haben alle Kinder der Grundschule Osann-Monzel einen Ausflug zum Theater nach Trier gemacht um das wunderbare St\u00fcck &#8222;Der Zauberer von OZ&#8220; zu schauen. Das moderne M\u00e4rchen erz\u00e4hlt eine aufregende Geschichte \u00fcber Freundschaft und gemeinsam bestandene Abenteuer. Hierf\u00fcr sind zwei Busse eingesetzt worden. Die Kosten in H\u00f6he von [&hellip;]<\/p>\n","protected":false},"author":11,"featured_media":0,"comment_status":"open","ping_status":"open","sticky":false,"template":"","format":"standard","meta":[],"categories":[4,8,3],"tags":[],"_links":{"self":[{"href":"https:\/\/foerderverein-gs-osann-monzel.de\/web\/wp-json\/wp\/v2\/posts\/1180"}],"collection":[{"href":"https:\/\/foerderverein-gs-osann-monzel.de\/web\/wp-json\/wp\/v2\/posts"}],"about":[{"href":"https:\/\/foerderverein-gs-osann-monzel.de\/web\/wp-json\/wp\/v2\/types\/post"}],"author":[{"embeddable":true,"href":"https:\/\/foerderverein-gs-osann-monzel.de\/web\/wp-json\/wp\/v2\/users\/11"}],"replies":[{"embeddable":true,"href":"https:\/\/foerderverein-gs-osann-monzel.de\/web\/wp-json\/wp\/v2\/comments?post=1180"}],"version-history":[{"count":5,"href":"https:\/\/foerderverein-gs-osann-monzel.de\/web\/wp-json\/wp\/v2\/posts\/1180\/revisions"}],"predecessor-version":[{"id":1182,"href":"https:\/\/foerderverein-gs-osann-monzel.de\/web\/wp-json\/wp\/v2\/posts\/1180\/revisions\/1182"}],"wp:attachment":[{"href":"https:\/\/foerderverein-gs-osann-monzel.de\/web\/wp-json\/wp\/v2\/media?parent=1180"}],"wp:term":[{"taxonomy":"category","embeddable":true,"href":"https:\/\/foerderverein-gs-osann-monzel.de\/web\/wp-json\/wp\/v2\/categories?post=1180"},{"taxonomy":"post_tag","embeddable":true,"href":"https:\/\/foerderverein-gs-osann-monzel.de\/web\/wp-json\/wp\/v2\/tags?post=1180"}],"curies":[{"name":"wp","href":"https:\/\/api.w.org\/{rel}","templated":true}]}}